{"id":628,"date":"2013-03-08T15:52:47","date_gmt":"2013-03-08T17:52:47","guid":{"rendered":"http:\/\/www.encontracopacabana.com.br\/noticias\/?p=628"},"modified":"2013-08-15T14:10:10","modified_gmt":"2013-08-15T16:10:10","slug":"principio-de-incendio-atinge-predio-em-copacabana","status":"publish","type":"post","link":"https:\/\/www.encontracopacabana.com.br\/noticias\/principio-de-incendio-atinge-predio-em-copacabana\/","title":{"rendered":"Princ\u00edpio de inc\u00eandio atinge pr\u00e9dio em Copacabana"},"content":{"rendered":"<p>Um princ\u00edpio de inc\u00eandio atingiu um pr\u00e9dio residencial na Avenida Nossa Senhora de Copacabana, pr\u00f3ximo a Rua Bar\u00e3o de Ipanema, em Copacabana, Zona Sul do RJ, na tarde desta quinta-feira.<\/p>\n<p>Quatro viaturas do Corpo de Bombeiros do quartel do bairro controlaram as chamas, que atingiu um apartamento no quinto andar do pr\u00e9dio de n\u00famero 897. Ainda h\u00e1 uma faixa interditada no trecho. N\u00e3o h\u00e1 informa\u00e7\u00f5es sobre feridos.<\/p>\n<p><em>Fonte: O Dia<\/em><\/p>\n","protected":false},"excerpt":{"rendered":"<p>Um princ\u00edpio de inc\u00eandio atingiu um pr\u00e9dio residencial na Avenida Nossa Senhora de Copacabana, pr\u00f3ximo a Rua Bar\u00e3o de Ipanema, em Copacabana, Zona Sul do RJ, na tarde desta quinta-feira. Quatro viaturas do Corpo de Bombeiros do quartel do bairro controlaram as chamas, que atingiu um apartamento no quinto andar do pr\u00e9dio de n\u00famero 897. [&hellip;]<\/p>\n","protected":false},"author":1,"featured_media":0,"comment_status":"open","ping_status":"open","sticky":false,"template":"","format":"standard","meta":{"footnotes":""},"categories":[6],"tags":[],"class_list":["post-628","post","type-post","status-publish","format-standard","hentry","category-noticias"],"_links":{"self":[{"href":"https:\/\/www.encontracopacabana.com.br\/noticias\/wp-json\/wp\/v2\/posts\/628","targetHints":{"allow":["GET"]}}],"collection":[{"href":"https:\/\/www.encontracopacabana.com.br\/noticias\/wp-json\/wp\/v2\/posts"}],"about":[{"href":"https:\/\/www.encontracopacabana.com.br\/noticias\/wp-json\/wp\/v2\/types\/post"}],"author":[{"embeddable":true,"href":"https:\/\/www.encontracopacabana.com.br\/noticias\/wp-json\/wp\/v2\/users\/1"}],"replies":[{"embeddable":true,"href":"https:\/\/www.encontracopacabana.com.br\/noticias\/wp-json\/wp\/v2\/comments?post=628"}],"version-history":[{"count":3,"href":"https:\/\/www.encontracopacabana.com.br\/noticias\/wp-json\/wp\/v2\/posts\/628\/revisions"}],"predecessor-version":[{"id":1189,"href":"https:\/\/www.encontracopacabana.com.br\/noticias\/wp-json\/wp\/v2\/posts\/628\/revisions\/1189"}],"wp:attachment":[{"href":"https:\/\/www.encontracopacabana.com.br\/noticias\/wp-json\/wp\/v2\/media?parent=628"}],"wp:term":[{"taxonomy":"category","embeddable":true,"href":"https:\/\/www.encontracopacabana.com.br\/noticias\/wp-json\/wp\/v2\/categories?post=628"},{"taxonomy":"post_tag","embeddable":true,"href":"https:\/\/www.encontracopacabana.com.br\/noticias\/wp-json\/wp\/v2\/tags?post=628"}],"curies":[{"name":"wp","href":"https:\/\/api.w.org\/{rel}","templated":true}]}}