{"id":518,"date":"2012-12-19T00:48:45","date_gmt":"2012-12-19T02:48:45","guid":{"rendered":"http:\/\/www.encontracopacabana.com.br\/noticias\/?p=518"},"modified":"2013-08-15T14:10:20","modified_gmt":"2013-08-15T16:10:20","slug":"dj-mam-tocara-vamos-comemorar-nos-intervalos-dos-shows-do-reveillon-em-copacabana","status":"publish","type":"post","link":"https:\/\/www.encontracopacabana.com.br\/noticias\/dj-mam-tocara-vamos-comemorar-nos-intervalos-dos-shows-do-reveillon-em-copacabana\/","title":{"rendered":"DJ Mam tocar\u00e1 Vamos Comemorar nos intervalos dos shows do R\u00e9veillon em Copacabana"},"content":{"rendered":"<p>Nos intervalos dos shows de Diogo Nogueira, Claudia Leitte e Sorriso Maroto, uma melodia ecoar\u00e1 como hino da festa de R\u00e9veillon na Praia de Copacabana: \u201cMais um ano se passou\/ E eu plantei o meu amor\/ Novo dia surgir\u00e1\/ Roupa branca, brilho no ar\u201d. \u00c9 composi\u00e7\u00e3o de Marco Aur\u00e9lio Marinho, o DJ Mam, que ganhar\u00e1 as vozes de BNeg\u00e3o, Cris Delanno e Marcelinho da Lua.<\/p>\n<p>\u2018Vamos Comemorar\u2019 \u2014 assim a m\u00fasica foi batizada \u2014 tem ritmo tipicamente carioca: uma mistura de Funk, Samba e Bossa Nova. \u201cEstamos turbinando o som no est\u00fadio. J\u00e1 ou\u00e7o toda a galera na praia cantando. Vai ser o coro da virada!\u201d, se anima DJ Mam, que j\u00e1 tem no curr\u00edculo a m\u00fasica tema dos 80 anos do Cristo Redentor \u2014 escolhida entre 1.800 concorrentes \u2014 e uma can\u00e7\u00e3o que promove oficialmente a cidade, \u2018Oba Rio\u2019. Ambas foram compostas em parceria com Rodrigo Sha.<\/p>\n<p>Nascido no bairro da Penha e criado no M\u00e9ier, ele toca pela terceira vez no R\u00e9veillon de Copacabana. E foi l\u00e1 onde se inspirou para escrever a letra. Para ele, ano novo tamb\u00e9m \u00e9 sin\u00f4nimo de supera\u00e7\u00e3o. \u201cApesar de morarmos num para\u00edso, n\u00f3s, brasileiros, temos uma vida muito batalhada, sempre suada. O Ano Novo \u00e9 um momento de celebrar que a gente est\u00e1 vivo, com sa\u00fade e com possibilidades novas no amor e no trabalho. Temos que limpar o esp\u00edrito para tudo de bom que vai vir\u201d, afirma ele.<\/p>\n<p>\u201cE podem ficar seguros: o mundo n\u00e3o vai acabar. Ano que vem est\u00e1 chegando lindo para todos n\u00f3s (risos)\u201d, diverte-se Mam, que, al\u00e9m de dominar as carrapetas, tamb\u00e9m estudou teclado na Escola de M\u00fasica Villa-Lobos. E ele sabe que muita \u00e1gua precisa rolar para o Rio chegar a \u2018um novo tempo\u2019. \u201cUma coisa que n\u00e3o est\u00e1 legal \u00e9 o pre\u00e7o do aluguel. Precisamos melhorar isso. Sou superotimista. Somos uma grande metr\u00f3pole com muitas oportunidades e estamos at\u00e9 tirando onda com lugares como Nova York e Londres. Mas est\u00e1 salgado para se morar no Rio.<\/p>\n<p>Essa quest\u00e3o imobili\u00e1ria me incomoda bastante. \u00c9 preciso rever uma forma para proteger o carioca\u201d, desabafa o m\u00fasico.<\/p>\n<p><strong>SOTAQUE CARREGADO<\/strong><\/p>\n<p>E o DJ Mam est\u00e1 com a corda toda. Lan\u00e7ou o CD \u2018Sotaque Carregado\u2019 no Espa\u00e7o Sesc, em Copacabana.<\/p>\n<p><em>Fonte: O Dia On Line<\/em><\/p>\n","protected":false},"excerpt":{"rendered":"<p>Nos intervalos dos shows de Diogo Nogueira, Claudia Leitte e Sorriso Maroto, uma melodia ecoar\u00e1 como hino da festa de R\u00e9veillon na Praia de Copacabana: \u201cMais um ano se passou\/ E eu plantei o meu amor\/ Novo dia surgir\u00e1\/ Roupa branca, brilho no ar\u201d. \u00c9 composi\u00e7\u00e3o de Marco Aur\u00e9lio Marinho, o DJ Mam, que ganhar\u00e1 [&hellip;]<\/p>\n","protected":false},"author":1,"featured_media":0,"comment_status":"open","ping_status":"open","sticky":false,"template":"","format":"standard","meta":{"footnotes":""},"categories":[6],"tags":[],"class_list":["post-518","post","type-post","status-publish","format-standard","hentry","category-noticias"],"_links":{"self":[{"href":"https:\/\/www.encontracopacabana.com.br\/noticias\/wp-json\/wp\/v2\/posts\/518","targetHints":{"allow":["GET"]}}],"collection":[{"href":"https:\/\/www.encontracopacabana.com.br\/noticias\/wp-json\/wp\/v2\/posts"}],"about":[{"href":"https:\/\/www.encontracopacabana.com.br\/noticias\/wp-json\/wp\/v2\/types\/post"}],"author":[{"embeddable":true,"href":"https:\/\/www.encontracopacabana.com.br\/noticias\/wp-json\/wp\/v2\/users\/1"}],"replies":[{"embeddable":true,"href":"https:\/\/www.encontracopacabana.com.br\/noticias\/wp-json\/wp\/v2\/comments?post=518"}],"version-history":[{"count":4,"href":"https:\/\/www.encontracopacabana.com.br\/noticias\/wp-json\/wp\/v2\/posts\/518\/revisions"}],"predecessor-version":[{"id":1527,"href":"https:\/\/www.encontracopacabana.com.br\/noticias\/wp-json\/wp\/v2\/posts\/518\/revisions\/1527"}],"wp:attachment":[{"href":"https:\/\/www.encontracopacabana.com.br\/noticias\/wp-json\/wp\/v2\/media?parent=518"}],"wp:term":[{"taxonomy":"category","embeddable":true,"href":"https:\/\/www.encontracopacabana.com.br\/noticias\/wp-json\/wp\/v2\/categories?post=518"},{"taxonomy":"post_tag","embeddable":true,"href":"https:\/\/www.encontracopacabana.com.br\/noticias\/wp-json\/wp\/v2\/tags?post=518"}],"curies":[{"name":"wp","href":"https:\/\/api.w.org\/{rel}","templated":true}]}}