{"id":499,"date":"2012-11-29T00:40:00","date_gmt":"2012-11-29T02:40:00","guid":{"rendered":"http:\/\/www.encontracopacabana.com.br\/noticias\/?p=499"},"modified":"2013-08-15T14:10:15","modified_gmt":"2013-08-15T16:10:15","slug":"zelia-duncan-estreia-espetaculo-em-copacabana","status":"publish","type":"post","link":"https:\/\/www.encontracopacabana.com.br\/noticias\/zelia-duncan-estreia-espetaculo-em-copacabana\/","title":{"rendered":"Z\u00e9lia Duncan estreia espet\u00e1culo em Copacabana"},"content":{"rendered":"<p>Depois de uma temporada de sucesso em S\u00e3o Paulo, chega a cidade do Rio de Janeiro o espet\u00e1culo comandado por Z\u00e9lia Duncan. Baseado na obra de Luiz Tatit, a apresenta\u00e7\u00e3o \u00e9 uma declara\u00e7\u00e3o de amo ao autor e \u00e0 cidade de S\u00e3o Paulo. Com dire\u00e7\u00e3o de Regina Braga, a cantora leva aos palcos can\u00e7\u00f5es do compositor \u2013 n\u00e3o apenas para cant\u00e1-las, mas para encen\u00e1-las tamb\u00e9m.<\/p>\n<p>Em cena, Z\u00e9lia interpreta personagens masculinos e femininos das composi\u00e7\u00f5es, ao modo do canto falado caracter\u00edstico do trabalho de Tatit.\u00a0Os m\u00fasicos Webster Santos e Tercio Guimar\u00e3es a acompanham no palco. \u201cT\u00f4Tatiando\u201d faz parte das comemora\u00e7\u00f5es de 30 anos de carreira da cantora e compositora niteroiense, completados em 2011.<\/p>\n<p><strong>Servi\u00e7o:<\/strong><\/p>\n<p><strong>O que:<\/strong> T\u00f4Tatiando<br \/>\n<strong>Local:<\/strong> Theatro Net Rio<br \/>\n<strong>Endere\u00e7o:<\/strong> Rua Siqueira Campos, 143 \u2013 Copacabana<br \/>\n<strong>Informa\u00e7\u00f5es:<\/strong> (21) 2147-8060 \/ 2148-8060<br \/>\n<strong>Datas:<\/strong> Ter\u00e7a e quarta, \u00e0s 22h<br \/>\n<strong>Faixa Et\u00e1ria:<\/strong> Espet\u00e1culo livre<br \/>\n<strong>Em cartaz at\u00e9:<\/strong> 5\/12\/2012<\/p>\n<p><em>Fonte: Globo Teatro<\/em><\/p>\n","protected":false},"excerpt":{"rendered":"<p>Depois de uma temporada de sucesso em S\u00e3o Paulo, chega a cidade do Rio de Janeiro o espet\u00e1culo comandado por Z\u00e9lia Duncan. Baseado na obra de Luiz Tatit, a apresenta\u00e7\u00e3o \u00e9 uma declara\u00e7\u00e3o de amo ao autor e \u00e0 cidade de S\u00e3o Paulo. Com dire\u00e7\u00e3o de Regina Braga, a cantora leva aos palcos can\u00e7\u00f5es do [&hellip;]<\/p>\n","protected":false},"author":1,"featured_media":0,"comment_status":"open","ping_status":"open","sticky":false,"template":"","format":"standard","meta":{"footnotes":""},"categories":[6],"tags":[],"class_list":["post-499","post","type-post","status-publish","format-standard","hentry","category-noticias"],"_links":{"self":[{"href":"https:\/\/www.encontracopacabana.com.br\/noticias\/wp-json\/wp\/v2\/posts\/499","targetHints":{"allow":["GET"]}}],"collection":[{"href":"https:\/\/www.encontracopacabana.com.br\/noticias\/wp-json\/wp\/v2\/posts"}],"about":[{"href":"https:\/\/www.encontracopacabana.com.br\/noticias\/wp-json\/wp\/v2\/types\/post"}],"author":[{"embeddable":true,"href":"https:\/\/www.encontracopacabana.com.br\/noticias\/wp-json\/wp\/v2\/users\/1"}],"replies":[{"embeddable":true,"href":"https:\/\/www.encontracopacabana.com.br\/noticias\/wp-json\/wp\/v2\/comments?post=499"}],"version-history":[{"count":5,"href":"https:\/\/www.encontracopacabana.com.br\/noticias\/wp-json\/wp\/v2\/posts\/499\/revisions"}],"predecessor-version":[{"id":1405,"href":"https:\/\/www.encontracopacabana.com.br\/noticias\/wp-json\/wp\/v2\/posts\/499\/revisions\/1405"}],"wp:attachment":[{"href":"https:\/\/www.encontracopacabana.com.br\/noticias\/wp-json\/wp\/v2\/media?parent=499"}],"wp:term":[{"taxonomy":"category","embeddable":true,"href":"https:\/\/www.encontracopacabana.com.br\/noticias\/wp-json\/wp\/v2\/categories?post=499"},{"taxonomy":"post_tag","embeddable":true,"href":"https:\/\/www.encontracopacabana.com.br\/noticias\/wp-json\/wp\/v2\/tags?post=499"}],"curies":[{"name":"wp","href":"https:\/\/api.w.org\/{rel}","templated":true}]}}