{"id":493,"date":"2012-11-26T11:55:07","date_gmt":"2012-11-26T13:55:07","guid":{"rendered":"http:\/\/www.encontracopacabana.com.br\/noticias\/?p=493"},"modified":"2013-08-15T14:10:14","modified_gmt":"2013-08-15T16:10:14","slug":"espetaculo-sobre-tim-maia-e-atracao-em-copacabana","status":"publish","type":"post","link":"https:\/\/www.encontracopacabana.com.br\/noticias\/espetaculo-sobre-tim-maia-e-atracao-em-copacabana\/","title":{"rendered":"Espet\u00e1culo sobre Tim Maia \u00e9 atra\u00e7\u00e3o em Copacabana"},"content":{"rendered":"<p>Assistido por mais de 200 mil pessoas, volta a cidade do Rio de Janeiro o musical inspirado na biografia &#8220;Vale Tudo \u2013 O Som e a F\u00faria de Tim Maia&#8221;, escrita por Nelson Motta. Danilo de Moura e Tiago Abravanel se revezar\u00e3o no papel-t\u00edtulo, que traz o eterno &#8220;s\u00edndico&#8221; de volta aos palcos.<\/p>\n<p>Dividindo o palco do Teatro S\u00e9rgio Cardoso com Isabella Bicalho, Lilian Valeska, Pedro Lima, Andr\u00e9 Vieri, Bernardo La Roque, Reiner Tenente, Evelyn Castro, Pablo Ascoli, Aline Wirley e Leticia Pedroza, Danilo repassa os fatos mais marcantes da vida do cantor em blocos tem\u00e1ticos, ilustrados por cl\u00e1ssicos que remetem a cada passagem, desde a inf\u00e2ncia pobre na Tijuca at\u00e9 sua consagra\u00e7\u00e3o, passando pela explos\u00e3o da Jovem guarda e sua convers\u00e3o \u00e0 seita cultura racional.<\/p>\n<p>Por conta das grava\u00e7\u00f5es da novela &#8220;Salve Jorge&#8221;, a produ\u00e7\u00e3o n\u00e3o se responsabiliza por qual ator far\u00e1 cada sess\u00e3o, n\u00e3o havendo troca ou devolu\u00e7\u00e3o do ingresso.<\/p>\n<p><strong>Servi\u00e7o:<\/strong><br \/>\n<strong>Evento:<\/strong> Tim Maia \u2013 Vale Tudo, o Musical<br \/>\n<strong>Local:<\/strong> Theatro Net Rio<br \/>\n<strong>Endere\u00e7o:<\/strong> Rua Siqueira Campos, 143 \u2013 Copacabana<br \/>\n<strong>Informa\u00e7\u00f5es:<\/strong> (21) 2147-8060<br \/>\n<strong>Datas:<\/strong> Quinta a s\u00e1bado, \u00e0s 20h30; domingo, \u00e0s 20h<br \/>\n<strong>Faixa Et\u00e1ria:<\/strong> Espet\u00e1culo n\u00e3o recomendado para menores de 14 anos<br \/>\n<strong>Em cartaz at\u00e9:<\/strong> 23\/12\/2012<\/p>\n<p><em>Fonte: Globo Teatro<\/em><\/p>\n","protected":false},"excerpt":{"rendered":"<p>Assistido por mais de 200 mil pessoas, volta a cidade do Rio de Janeiro o musical inspirado na biografia &#8220;Vale Tudo \u2013 O Som e a F\u00faria de Tim Maia&#8221;, escrita por Nelson Motta. Danilo de Moura e Tiago Abravanel se revezar\u00e3o no papel-t\u00edtulo, que traz o eterno &#8220;s\u00edndico&#8221; de volta aos palcos. Dividindo o [&hellip;]<\/p>\n","protected":false},"author":1,"featured_media":0,"comment_status":"open","ping_status":"open","sticky":false,"template":"","format":"standard","meta":{"footnotes":""},"categories":[6],"tags":[],"class_list":["post-493","post","type-post","status-publish","format-standard","hentry","category-noticias"],"_links":{"self":[{"href":"https:\/\/www.encontracopacabana.com.br\/noticias\/wp-json\/wp\/v2\/posts\/493","targetHints":{"allow":["GET"]}}],"collection":[{"href":"https:\/\/www.encontracopacabana.com.br\/noticias\/wp-json\/wp\/v2\/posts"}],"about":[{"href":"https:\/\/www.encontracopacabana.com.br\/noticias\/wp-json\/wp\/v2\/types\/post"}],"author":[{"embeddable":true,"href":"https:\/\/www.encontracopacabana.com.br\/noticias\/wp-json\/wp\/v2\/users\/1"}],"replies":[{"embeddable":true,"href":"https:\/\/www.encontracopacabana.com.br\/noticias\/wp-json\/wp\/v2\/comments?post=493"}],"version-history":[{"count":4,"href":"https:\/\/www.encontracopacabana.com.br\/noticias\/wp-json\/wp\/v2\/posts\/493\/revisions"}],"predecessor-version":[{"id":1365,"href":"https:\/\/www.encontracopacabana.com.br\/noticias\/wp-json\/wp\/v2\/posts\/493\/revisions\/1365"}],"wp:attachment":[{"href":"https:\/\/www.encontracopacabana.com.br\/noticias\/wp-json\/wp\/v2\/media?parent=493"}],"wp:term":[{"taxonomy":"category","embeddable":true,"href":"https:\/\/www.encontracopacabana.com.br\/noticias\/wp-json\/wp\/v2\/categories?post=493"},{"taxonomy":"post_tag","embeddable":true,"href":"https:\/\/www.encontracopacabana.com.br\/noticias\/wp-json\/wp\/v2\/tags?post=493"}],"curies":[{"name":"wp","href":"https:\/\/api.w.org\/{rel}","templated":true}]}}