{"id":48,"date":"2011-12-05T10:06:31","date_gmt":"2011-12-05T12:06:31","guid":{"rendered":"http:\/\/www.encontracopacabana.com.br\/noticias\/?p=48"},"modified":"2013-08-15T14:10:00","modified_gmt":"2013-08-15T16:10:00","slug":"homenagem-na-praia-de-copacabana-lembra-as-ultimas-vitimas-da-violencia-no-rio","status":"publish","type":"post","link":"https:\/\/www.encontracopacabana.com.br\/noticias\/homenagem-na-praia-de-copacabana-lembra-as-ultimas-vitimas-da-violencia-no-rio\/","title":{"rendered":"Homenagem na Praia de Copacabana lembra as \u00faltimas v\u00edtimas da viol\u00eancia no Rio"},"content":{"rendered":"<p>Fam\u00edlias de v\u00edtimas da viol\u00eancia no Rio de Janeiro se reuniram na manh\u00e3 deste domingo na Praia de Copacabana, guia Copacabana, para homenagear seus parentes que perderam a vida nos \u00faltimos anos no Estado. O ato \u2018Um dia Por Ti\u2019 montou um enorme painel com os nomes das v\u00edtimas, pr\u00f3ximo de onde est\u00e1 a cruz que simboliza a luta por justi\u00e7a pela morte da ju\u00edza Patr\u00edcia Acioli. Um grande varal com camisas com fotografias dos mortos tamb\u00e9m foi constru\u00eddo na areia.<\/p>\n<p>Pais e familiares dos jovens que foram mortos no massacre na Escola Municipal Tasso da Silveira, em abril deste ano, tamb\u00e9m manifestaram seus sentimentos. J\u00e1 amigos, colegas de profiss\u00e3o e parentes do cinegrafista da Band, Gelson Domingos, que morreu em trabalho, estenderam uma faixa onde estava escrito \u2018Gerson Domingos, o tiro que acertou o seu peito, atingiu os nossos olhos\u2019.<\/p>\n<p>\u201cCom a morte do Gelson estamos enxergando menos. \u00c9 menos uma pessoa para mostrar a realidade de viol\u00eancia no Rio\u201d, discursou Ant\u00f4nio Carlos Costa, presidente da ONG\u00a0 Rio de Paz.<\/p>\n<p><em>Fonte: O Dia On Line<\/em><\/p>\n","protected":false},"excerpt":{"rendered":"<p>Fam\u00edlias de v\u00edtimas da viol\u00eancia no Rio de Janeiro se reuniram na manh\u00e3 deste domingo na Praia de Copacabana, guia Copacabana, para homenagear seus parentes que perderam a vida nos \u00faltimos anos no Estado. O ato \u2018Um dia Por Ti\u2019 montou um enorme painel com os nomes das v\u00edtimas, pr\u00f3ximo de onde est\u00e1 a cruz [&hellip;]<\/p>\n","protected":false},"author":1,"featured_media":0,"comment_status":"open","ping_status":"open","sticky":false,"template":"","format":"standard","meta":{"footnotes":""},"categories":[6],"tags":[],"class_list":["post-48","post","type-post","status-publish","format-standard","hentry","category-noticias"],"_links":{"self":[{"href":"https:\/\/www.encontracopacabana.com.br\/noticias\/wp-json\/wp\/v2\/posts\/48","targetHints":{"allow":["GET"]}}],"collection":[{"href":"https:\/\/www.encontracopacabana.com.br\/noticias\/wp-json\/wp\/v2\/posts"}],"about":[{"href":"https:\/\/www.encontracopacabana.com.br\/noticias\/wp-json\/wp\/v2\/types\/post"}],"author":[{"embeddable":true,"href":"https:\/\/www.encontracopacabana.com.br\/noticias\/wp-json\/wp\/v2\/users\/1"}],"replies":[{"embeddable":true,"href":"https:\/\/www.encontracopacabana.com.br\/noticias\/wp-json\/wp\/v2\/comments?post=48"}],"version-history":[{"count":3,"href":"https:\/\/www.encontracopacabana.com.br\/noticias\/wp-json\/wp\/v2\/posts\/48\/revisions"}],"predecessor-version":[{"id":50,"href":"https:\/\/www.encontracopacabana.com.br\/noticias\/wp-json\/wp\/v2\/posts\/48\/revisions\/50"}],"wp:attachment":[{"href":"https:\/\/www.encontracopacabana.com.br\/noticias\/wp-json\/wp\/v2\/media?parent=48"}],"wp:term":[{"taxonomy":"category","embeddable":true,"href":"https:\/\/www.encontracopacabana.com.br\/noticias\/wp-json\/wp\/v2\/categories?post=48"},{"taxonomy":"post_tag","embeddable":true,"href":"https:\/\/www.encontracopacabana.com.br\/noticias\/wp-json\/wp\/v2\/tags?post=48"}],"curies":[{"name":"wp","href":"https:\/\/api.w.org\/{rel}","templated":true}]}}