{"id":444,"date":"2012-09-25T14:21:26","date_gmt":"2012-09-25T16:21:26","guid":{"rendered":"http:\/\/www.encontracopacabana.com.br\/noticias\/?p=444"},"modified":"2013-08-15T14:10:09","modified_gmt":"2013-08-15T16:10:09","slug":"apos-tres-meses-de-obras-hotel-mais-famoso-de-copacabana-reabre","status":"publish","type":"post","link":"https:\/\/www.encontracopacabana.com.br\/noticias\/apos-tres-meses-de-obras-hotel-mais-famoso-de-copacabana-reabre\/","title":{"rendered":"Ap\u00f3s tr\u00eas meses de obras, hotel mais famoso de Copacabana reabre"},"content":{"rendered":"<p>Perto de completar 90 anos, em 2013, o hotel mais famoso do Rio rejuvenesce. Ap\u00f3s tr\u00eas meses em reformas, o Copacabana Palace, localizado na zona sul do RJ, reabriu no s\u00e1bado com novo lobby, novos m\u00f3veis e ambientes, mas sem perder a aura requintada &#8211; marca de sua trajet\u00f3ria desde a inaugura\u00e7\u00e3o, em 1923.<\/p>\n<p>A renova\u00e7\u00e3o, or\u00e7ada em R$ 30 milh\u00f5es, s\u00f3 ser\u00e1 totalmente conclu\u00edda em novembro, quando tamb\u00e9m os quartos passar\u00e3o por remodelagem &#8211; 60 apartamentos e 90 banheiros j\u00e1 passaram por reparos.<\/p>\n<p>Os h\u00f3spedes fi\u00e9is e aqueles que sonham um dia conhecer as instala\u00e7\u00f5es do hotel podem ficar tranquilos &#8211; o luxo continua a reinar nos c\u00f4modos. As principais mudan\u00e7as nas su\u00edtes est\u00e3o na concep\u00e7\u00e3o e nos detalhes da decora\u00e7\u00e3o, que deram um ar mais contempor\u00e2neo ao local.<\/p>\n<p>O olhar mais minucioso poder\u00e1 captar as inova\u00e7\u00f5es nos mobili\u00e1rios, como os tecidos franceses que revestem cadeiras e sof\u00e1s, al\u00e9m dos novos tapetes, lumin\u00e1rias e itens de decora\u00e7\u00e3o com cores mais claras, linhas retas e tamb\u00e9m s\u00f3brias.<\/p>\n<p>&#8220;A reforma fez do hotel um cl\u00e1ssico contempor\u00e2neo. A gente n\u00e3o quer perder a tradi\u00e7\u00e3o nem a decora\u00e7\u00e3o cl\u00e1ssica, mas agora temos mais leveza, um conceito clean&#8221;, afirmou a gerente-geral, Andrea Natal.<\/p>\n<p>A obra no edif\u00edcio principal, tombado desde 2008, s\u00f3 ser\u00e1 conclu\u00edda em novembro. At\u00e9 l\u00e1, o Copacabana Palace vai funcionar em regime de soft opening (abertura parcial). O projeto da reforma foi feito pelo decorador franc\u00eas Michel Jouannet e a principal preocupa\u00e7\u00e3o era a amplia\u00e7\u00e3o do lobby. Agora com cerca de 80% mais espa\u00e7o, a entrada do Copa ganhou mezaninos, lounges, um business center e \u00e1rea de espera.<\/p>\n<p>Do projeto original, foram restauradas a porta girat\u00f3ria, de madeira freij\u00f3 e vidro, al\u00e9m da escadaria de m\u00e1rmore, o lustre suntuoso e o piso.<\/p>\n<p>Venda<\/p>\n<p>Sempre envolto em pol\u00eamicas e especula\u00e7\u00f5es sobre uma poss\u00edvel venda, o Copacabana Palace teve no \u00faltimo m\u00eas um pre\u00e7o estipulado. O dono da rede que o administra, James Sherwood, afirmou que o hotel poderia ser arrematado por R$ 500 milh\u00f5es. A dire\u00e7\u00e3o nega a informa\u00e7\u00e3o e avisa que j\u00e1 planeja outras interven\u00e7\u00f5es para os pr\u00f3ximos anos.<\/p>\n<p>&#8220;N\u00e3o estamos \u00e0 venda nem temos um pre\u00e7o. Estamos em constante renova\u00e7\u00e3o, as reformas nunca param e j\u00e1 temos planos para as pr\u00f3ximas. Queremos reabrir o teatro e j\u00e1 temos um escopo do projeto&#8221;, afirmou a gerente-geral.<\/p>\n<p>Fechado desde 1994, o teatro est\u00e1 sendo planejado para receber temporadas de espet\u00e1culos e tamb\u00e9m eventos. A expectativa \u00e9 de que no pr\u00f3ximo ano as obras sejam iniciadas.<\/p>\n<p><em>Fonte: Di\u00e1rio do Grande ABC\u00a0<\/em><\/p>\n","protected":false},"excerpt":{"rendered":"<p>Perto de completar 90 anos, em 2013, o hotel mais famoso do Rio rejuvenesce. Ap\u00f3s tr\u00eas meses em reformas, o Copacabana Palace, localizado na zona sul do RJ, reabriu no s\u00e1bado com novo lobby, novos m\u00f3veis e ambientes, mas sem perder a aura requintada &#8211; marca de sua trajet\u00f3ria desde a inaugura\u00e7\u00e3o, em 1923. A [&hellip;]<\/p>\n","protected":false},"author":1,"featured_media":0,"comment_status":"open","ping_status":"open","sticky":false,"template":"","format":"standard","meta":{"footnotes":""},"categories":[6],"tags":[],"class_list":["post-444","post","type-post","status-publish","format-standard","hentry","category-noticias"],"_links":{"self":[{"href":"https:\/\/www.encontracopacabana.com.br\/noticias\/wp-json\/wp\/v2\/posts\/444","targetHints":{"allow":["GET"]}}],"collection":[{"href":"https:\/\/www.encontracopacabana.com.br\/noticias\/wp-json\/wp\/v2\/posts"}],"about":[{"href":"https:\/\/www.encontracopacabana.com.br\/noticias\/wp-json\/wp\/v2\/types\/post"}],"author":[{"embeddable":true,"href":"https:\/\/www.encontracopacabana.com.br\/noticias\/wp-json\/wp\/v2\/users\/1"}],"replies":[{"embeddable":true,"href":"https:\/\/www.encontracopacabana.com.br\/noticias\/wp-json\/wp\/v2\/comments?post=444"}],"version-history":[{"count":4,"href":"https:\/\/www.encontracopacabana.com.br\/noticias\/wp-json\/wp\/v2\/posts\/444\/revisions"}],"predecessor-version":[{"id":1161,"href":"https:\/\/www.encontracopacabana.com.br\/noticias\/wp-json\/wp\/v2\/posts\/444\/revisions\/1161"}],"wp:attachment":[{"href":"https:\/\/www.encontracopacabana.com.br\/noticias\/wp-json\/wp\/v2\/media?parent=444"}],"wp:term":[{"taxonomy":"category","embeddable":true,"href":"https:\/\/www.encontracopacabana.com.br\/noticias\/wp-json\/wp\/v2\/categories?post=444"},{"taxonomy":"post_tag","embeddable":true,"href":"https:\/\/www.encontracopacabana.com.br\/noticias\/wp-json\/wp\/v2\/tags?post=444"}],"curies":[{"name":"wp","href":"https:\/\/api.w.org\/{rel}","templated":true}]}}