{"id":369,"date":"2012-07-06T15:40:24","date_gmt":"2012-07-06T17:40:24","guid":{"rendered":"http:\/\/www.encontracopacabana.com.br\/noticias\/?p=369"},"modified":"2013-08-15T14:10:11","modified_gmt":"2013-08-15T16:10:11","slug":"incendio-em-loja-paralisa-copacabana","status":"publish","type":"post","link":"https:\/\/www.encontracopacabana.com.br\/noticias\/incendio-em-loja-paralisa-copacabana\/","title":{"rendered":"Inc\u00eandio em loja paralisa Copacabana"},"content":{"rendered":"<p>A data deveria ser festiva para Copacabana. Mas a manh\u00e3 do anivers\u00e1rio de 120 anos do bairro \u00e9 de tens\u00e3o e tumulto generalizado no tr\u00e2nsito, com um inc\u00eandio que paralisa os deslocamentos em uma parte da zona sul da cidade. Pouco depois das 9h desta sexta-feira, funcion\u00e1rias da loja Aidan Festas, na Avenida Nossa Senhora de Copacabana, 618, perceberam o in\u00edcio do fogo no estoque, que fica nos fundos do pr\u00e9dio de dois andares. As chamas s\u00f3 foram controladas por volta das 11h30, e nas mais de duas horas de combate ao fogo as lojas vizinhas foram interditadas, assim como o tr\u00e2nsito em tr\u00eas quarteir\u00f5es da avenida. Os bombeiros precisaram lutar para controlar o inc\u00eandio principal ao mesmo tempo em que trabalhavam para evitar que lojas vizinhas, entre elas as Lojas Americanas e a Casa e V\u00eddeo, fossem atingidas.<\/p>\n<p>A Aidan festas tem filiais no centro e na zona sul e foi criada h\u00e1 23 anos. A vendedora Ivonete Beatriz, que trabalha h\u00e1 22 anos na loja, foi quem percebeu o in\u00edcio das chamas. \u201cComecei a avisar a todo mundo. J\u00e1 t\u00ednhamos alguns clientes na loja nesse hor\u00e1rio. O fogo subiu r\u00e1pido e as chamas eram altas, n\u00e3o tivemos tempo de pegar bolsas e objetos pessoais\u201d, disse.<\/p>\n<p>O site da empresa n\u00e3o informa sobre fogos de artif\u00edcio, mas a vendedora Cleideane Ribeiro, que est\u00e1 h\u00e1 tr\u00eas anos na Aidan, informou que, no per\u00edodo de festas juninas, h\u00e1 venda de fogos de artif\u00edcio no local. Segundo as vendedoras, o dono da empresa foi avisado assim que o inc\u00eandio foi descoberto.<\/p>\n<p>A dentista Rosa Maria Hide, que trabalha a um quarteir\u00e3o do local, percebeu as chamas e sentiu forte cheiro de fuma\u00e7a por volta das 10h30. Rosa contou ao site de <em>VEJA<\/em> que foi para a rua e reconheceu, entre as funcion\u00e1rias, algumas de suas pacientes. \u201cEra muita fuma\u00e7a preta. Desci correndo e, como estava de m\u00e1scara, ajudei a socorrer algumas pessoas que haviam inalado fuma\u00e7a\u201d, disse Rosa.<\/p>\n<p>O fot\u00f3grafo Wanderson Carneiro foi um dos primeiros a perceber o fogo do lado de fora da loja. Ele assistiu tamb\u00e9m \u00e0 chegada dos primeiros bombeiros. Segundo conta Carneiro, o primeiro carro parecia ter pouca \u00e1gua. \u201cA \u00e1gua parecia sem for\u00e7a e n\u00e3o durou muito. Enquanto os bombeiros tentavam resolver o problema, as chamas se alastravam\u201d, contou, lamentando n\u00e3o ter uma c\u00e2mera \u00e0 m\u00e3o para registrar a a\u00e7\u00e3o.<\/p>\n<p>Na quarta-feira, o Rio teve outro inc\u00eandio de grandes propor\u00e7\u00f5es. O Hospital Universit\u00e1rio Pedro Ernesto, no bairro de Vila Isabel, teve uma parte do pr\u00e9dio destru\u00edda pelas chamas, iniciadas em uma obra.<\/p>\n<p>Preju\u00edzo &#8211; Dono da loja Arrazo, de vestidos para festas, o comerciante Salim Yousseff acredita que perdeu todo o seu estoque. Como fica muito pr\u00f3xima da Aidan, a Arrazzo foi atingida pelas chamas \u2013 algo que, segundo os bombeiros, n\u00e3o aconteceu com outros estabelecimentos e pr\u00e9dios. \u201cOs bombeiros demoraram 40 minutos para chegar. Isso \u00e9 muito. N\u00e3o quero criticar o trabalho desses homens, mas para chegar \u00e0 minha loja a demora foi muito grande\u201d, afirmou.<\/p>\n<p>O vice-presidente da Amacopa (Associa\u00e7\u00e3o de Moradores e Amigos de Copacabana), Tony Teixeira afirmou que h\u00e1 um problema cr\u00edtico no bairro. \u201c\u00c9 uma triste ironia, no dia do anivers\u00e1rio de 120 anos. Logo em uma loja de festa, termos uma trag\u00e9dia. Copacabana cresceu muito. Mas a estrutura do Corpo de Bombeiros n\u00e3o cresceu \u00e0 altura. Os bombeiros s\u00e3o her\u00f3is, fazem o que \u00e9 poss\u00edvel, no peito e na ra\u00e7a. Mas n\u00e3o t\u00eam estrutura material. N\u00e3o pode o bairro ter um quartel de bombeiros apenas. O fato de termos um \u00fanico quartel, em uma extremidade do bairro, atrasa muito o atendimento. Precisamos de outra unidade do outro lado de Copa\u201d, disse.<\/p>\n<p>O secret\u00e1rio de Defesa Civil e comandante do Corpo de Bombeiros do Estado, coronel S\u00e9rgio Sim\u00f5es, afirmou que a opera\u00e7\u00e3o de rescaldo poder\u00e1 durar de 48 a 72 horas, devido \u00e0 presen\u00e7a de muitos materiais inflam\u00e1veis. \u201cAinda n\u00e3o se sabe a causa do inc\u00eandio. O fogo n\u00e3o se alastrou para outras lojas. Recebemos informa\u00e7\u00e3o sobre a presen\u00e7a de fogos de artif\u00edcio, mas n\u00e3o foi encontrado esse tipo de material\u201d, afirmou.<\/p>\n<p>Sim\u00f5es nega que tenha havido demora no atendimento. \u201cExistem problemas comuns, como falta de hidrantes e dificuldade de conectar mangueiras. Mas da hora do aviso at\u00e9 a chegada dos bombeiros foram oito minutos. N\u00e3o houve falta d\u2019\u00e1gua. Se tivesse demorado 40 minutos, como algumas pessoas est\u00e3o falando, todo o quarteir\u00e3o teria pegado fogo\u201d, disse. \u201cEm vez de falar de falta d\u2019\u00e1gua e demora, \u00e9 importante verificar se a loja onde se iniciou o fogo est\u00e1 cumprindo a legisla\u00e7\u00e3o contra inc\u00eandio. Temos que ver se havia extintores, sprinklers e todo o resto. Assim que estiver terminada a opera\u00e7\u00e3o de rescaldo vamos verificar tudo isso\u201d, avisou.<\/p>\n<p><em>Fonte: Veja<\/em><\/p>\n","protected":false},"excerpt":{"rendered":"<p>A data deveria ser festiva para Copacabana. Mas a manh\u00e3 do anivers\u00e1rio de 120 anos do bairro \u00e9 de tens\u00e3o e tumulto generalizado no tr\u00e2nsito, com um inc\u00eandio que paralisa os deslocamentos em uma parte da zona sul da cidade. Pouco depois das 9h desta sexta-feira, funcion\u00e1rias da loja Aidan Festas, na Avenida Nossa Senhora [&hellip;]<\/p>\n","protected":false},"author":1,"featured_media":0,"comment_status":"open","ping_status":"open","sticky":false,"template":"","format":"standard","meta":{"footnotes":""},"categories":[6],"tags":[],"class_list":["post-369","post","type-post","status-publish","format-standard","hentry","category-noticias"],"_links":{"self":[{"href":"https:\/\/www.encontracopacabana.com.br\/noticias\/wp-json\/wp\/v2\/posts\/369","targetHints":{"allow":["GET"]}}],"collection":[{"href":"https:\/\/www.encontracopacabana.com.br\/noticias\/wp-json\/wp\/v2\/posts"}],"about":[{"href":"https:\/\/www.encontracopacabana.com.br\/noticias\/wp-json\/wp\/v2\/types\/post"}],"author":[{"embeddable":true,"href":"https:\/\/www.encontracopacabana.com.br\/noticias\/wp-json\/wp\/v2\/users\/1"}],"replies":[{"embeddable":true,"href":"https:\/\/www.encontracopacabana.com.br\/noticias\/wp-json\/wp\/v2\/comments?post=369"}],"version-history":[{"count":3,"href":"https:\/\/www.encontracopacabana.com.br\/noticias\/wp-json\/wp\/v2\/posts\/369\/revisions"}],"predecessor-version":[{"id":1235,"href":"https:\/\/www.encontracopacabana.com.br\/noticias\/wp-json\/wp\/v2\/posts\/369\/revisions\/1235"}],"wp:attachment":[{"href":"https:\/\/www.encontracopacabana.com.br\/noticias\/wp-json\/wp\/v2\/media?parent=369"}],"wp:term":[{"taxonomy":"category","embeddable":true,"href":"https:\/\/www.encontracopacabana.com.br\/noticias\/wp-json\/wp\/v2\/categories?post=369"},{"taxonomy":"post_tag","embeddable":true,"href":"https:\/\/www.encontracopacabana.com.br\/noticias\/wp-json\/wp\/v2\/tags?post=369"}],"curies":[{"name":"wp","href":"https:\/\/api.w.org\/{rel}","templated":true}]}}