{"id":213,"date":"2012-02-22T12:05:34","date_gmt":"2012-02-22T14:05:34","guid":{"rendered":"http:\/\/www.encontracopacabana.com.br\/noticias\/?p=213"},"modified":"2013-08-15T14:10:06","modified_gmt":"2013-08-15T16:10:06","slug":"rio-empolga-as-9-leva-4-mil-folioes-a-praia-de-copacabana","status":"publish","type":"post","link":"https:\/\/www.encontracopacabana.com.br\/noticias\/rio-empolga-as-9-leva-4-mil-folioes-a-praia-de-copacabana\/","title":{"rendered":"Rio: Empolga \u00e0s 9 leva 4 mil foli\u00f5es \u00e0 praia de Copacabana"},"content":{"rendered":"<div id=\"SearchKey_Text1\">\n<p>A concentra\u00e7\u00e3o do Empolga \u00e0s 9 estava programada para as 11h, mas o bloco de rua, famoso nas ruas da zona sul do Rio de Janeiro, teve um ligeiro problema no carro de som, que fez com que a bateria tivesse que se deslocar para a parte traseira do trio el\u00e9trico, fato que atrasou um pouco o in\u00edcio do desfile pela avenida Atl\u00e2ntica, em guia Copacabana, neste s\u00e1bado (18).<\/p>\n<p>Nada, por\u00e9m, que atrapalhasse a festa dos cerca de quatro mil foli\u00f5es, de acordo com estimativa da Guarda Municipal, que acompanharam o Empolga num calor que beirava, facilmente, os 40\u00b0C. &#8220;Oh, abre alas, pro caminh\u00e3o passar&#8221;, brincava uma das cantoras do bloco, na mensagem para o trio avan\u00e7ar e fazer com que o problema de som fosse solucionado com a bateria atr\u00e1s do ve\u00edculo. Tudo levado no bom humor, e na alegria.<\/p>\n<p>Nem os mij\u00f5es, que sempre d\u00e3o trabalho para os agentes da secretaria de Ordem P\u00fablica do Rio, deram as caras &#8211; j\u00e1 que o mar, bom, o mar \u00e9 sempre uma boa op\u00e7\u00e3o para aliviar as necessidades fisiol\u00f3gicas dos foli\u00f5es.<\/p>\n<p>O Empolga as 9 tem em sua bateria o seu principal expoente &#8211; famoso por participar de diversas festas, casamentos e at\u00e9 mesmo promover baladas pr\u00f3prias no Rio de Janeiro. Do posto seis at\u00e9 a rua Figueiredo Magalh\u00e3es, os foli\u00f5es pularam ao som de Jorge Ben Jor, dentre outros artistas. O bloco n\u00e3o segue o estilo dos blocos do centro da cidade, focados mais nas marchinhas de Carnaval.<\/p>\n<p><em>Fonte: Portal Terra<\/em><\/p>\n<\/div>\n","protected":false},"excerpt":{"rendered":"<p>A concentra\u00e7\u00e3o do Empolga \u00e0s 9 estava programada para as 11h, mas o bloco de rua, famoso nas ruas da zona sul do Rio de Janeiro, teve um ligeiro problema no carro de som, que fez com que a bateria tivesse que se deslocar para a parte traseira do trio el\u00e9trico, fato que atrasou um [&hellip;]<\/p>\n","protected":false},"author":1,"featured_media":0,"comment_status":"open","ping_status":"open","sticky":false,"template":"","format":"standard","meta":{"footnotes":""},"categories":[6],"tags":[],"class_list":["post-213","post","type-post","status-publish","format-standard","hentry","category-noticias"],"_links":{"self":[{"href":"https:\/\/www.encontracopacabana.com.br\/noticias\/wp-json\/wp\/v2\/posts\/213","targetHints":{"allow":["GET"]}}],"collection":[{"href":"https:\/\/www.encontracopacabana.com.br\/noticias\/wp-json\/wp\/v2\/posts"}],"about":[{"href":"https:\/\/www.encontracopacabana.com.br\/noticias\/wp-json\/wp\/v2\/types\/post"}],"author":[{"embeddable":true,"href":"https:\/\/www.encontracopacabana.com.br\/noticias\/wp-json\/wp\/v2\/users\/1"}],"replies":[{"embeddable":true,"href":"https:\/\/www.encontracopacabana.com.br\/noticias\/wp-json\/wp\/v2\/comments?post=213"}],"version-history":[{"count":4,"href":"https:\/\/www.encontracopacabana.com.br\/noticias\/wp-json\/wp\/v2\/posts\/213\/revisions"}],"predecessor-version":[{"id":1042,"href":"https:\/\/www.encontracopacabana.com.br\/noticias\/wp-json\/wp\/v2\/posts\/213\/revisions\/1042"}],"wp:attachment":[{"href":"https:\/\/www.encontracopacabana.com.br\/noticias\/wp-json\/wp\/v2\/media?parent=213"}],"wp:term":[{"taxonomy":"category","embeddable":true,"href":"https:\/\/www.encontracopacabana.com.br\/noticias\/wp-json\/wp\/v2\/categories?post=213"},{"taxonomy":"post_tag","embeddable":true,"href":"https:\/\/www.encontracopacabana.com.br\/noticias\/wp-json\/wp\/v2\/tags?post=213"}],"curies":[{"name":"wp","href":"https:\/\/api.w.org\/{rel}","templated":true}]}}