{"id":1603,"date":"2013-09-11T00:19:09","date_gmt":"2013-09-11T02:19:09","guid":{"rendered":"http:\/\/www.encontracopacabana.com.br\/noticias\/?p=1603"},"modified":"2013-09-11T00:19:09","modified_gmt":"2013-09-11T02:19:09","slug":"copacabana-recebe-exposicao-rioitavacima","status":"publish","type":"post","link":"https:\/\/www.encontracopacabana.com.br\/noticias\/copacabana-recebe-exposicao-rioitavacima\/","title":{"rendered":"Copacabana recebe exposi\u00e7\u00e3o Rioitavacima"},"content":{"rendered":"<div>\n<p>A exposi\u00e7\u00e3o RIOITAVACIMA, aberta ao p\u00fablico no dia 16 de agosto, apresenta a vis\u00e3o de oito artistas pl\u00e1sticos sobre a cidade, seja pela beleza, cores, e at\u00e9 topografia, na H. Rocha Galeria de Arte, Copacabana.<\/p>\n<p>O nome estabelece uma analogia com a m\u00fasica e as notas musicais, conforme explica a curadora Sonia Salcedo: &#8220;Eu n\u00e3o consigo pensar no Rio sem pensar na musicalidade que impera aqui&#8221;.<\/p>\n<p>Augusto Herkenhoff, Xico Chaves, Jacqueline Adam, Carlito Rodrigues, Hugo Houayek, Neno del Castillo, Rodrigo Cardoso e Zbigniew Wieckowski, o Zibtch, exp\u00f5em desenhos, objetos, escultura e pinturas com as t\u00e9cnicas de pigmento sobre papel, acr\u00edlico sobre tela e \u00f3leo sobre algod\u00e3o.<\/p>\n<p><strong>INFORMA\u00c7\u00d5ES DO EVENTO<\/strong><\/p>\n<p>Data(s): At\u00e9 28 de setembro de 2013.<br \/>\nHor\u00e1rio(s): Ter\u00e7a a S\u00e1bado, 12h \u00e0s 19h<br \/>\nPre\u00e7o(s): Gr\u00e1tis<br \/>\nOnde: H. Rocha Galeria de Arte<br \/>\nEndere\u00e7o: Avenida Atl\u00e2ntica, 4240, Shopping Cassino Atl\u00e2ntica, Loja 333 &#8211; 3\u00ba Piso &#8211; Copacabana<\/p>\n<\/div>\n","protected":false},"excerpt":{"rendered":"<p>A exposi\u00e7\u00e3o RIOITAVACIMA, aberta ao p\u00fablico no dia 16 de agosto, apresenta a vis\u00e3o de oito artistas pl\u00e1sticos sobre a cidade, seja pela beleza, cores, e at\u00e9 topografia, na H. Rocha Galeria de Arte, Copacabana. O nome estabelece uma analogia com a m\u00fasica e as notas musicais, conforme explica a curadora Sonia Salcedo: &#8220;Eu n\u00e3o [&hellip;]<\/p>\n","protected":false},"author":1,"featured_media":0,"comment_status":"open","ping_status":"open","sticky":false,"template":"","format":"standard","meta":{"footnotes":""},"categories":[6],"tags":[],"class_list":["post-1603","post","type-post","status-publish","format-standard","hentry","category-noticias"],"_links":{"self":[{"href":"https:\/\/www.encontracopacabana.com.br\/noticias\/wp-json\/wp\/v2\/posts\/1603","targetHints":{"allow":["GET"]}}],"collection":[{"href":"https:\/\/www.encontracopacabana.com.br\/noticias\/wp-json\/wp\/v2\/posts"}],"about":[{"href":"https:\/\/www.encontracopacabana.com.br\/noticias\/wp-json\/wp\/v2\/types\/post"}],"author":[{"embeddable":true,"href":"https:\/\/www.encontracopacabana.com.br\/noticias\/wp-json\/wp\/v2\/users\/1"}],"replies":[{"embeddable":true,"href":"https:\/\/www.encontracopacabana.com.br\/noticias\/wp-json\/wp\/v2\/comments?post=1603"}],"version-history":[{"count":1,"href":"https:\/\/www.encontracopacabana.com.br\/noticias\/wp-json\/wp\/v2\/posts\/1603\/revisions"}],"predecessor-version":[{"id":1604,"href":"https:\/\/www.encontracopacabana.com.br\/noticias\/wp-json\/wp\/v2\/posts\/1603\/revisions\/1604"}],"wp:attachment":[{"href":"https:\/\/www.encontracopacabana.com.br\/noticias\/wp-json\/wp\/v2\/media?parent=1603"}],"wp:term":[{"taxonomy":"category","embeddable":true,"href":"https:\/\/www.encontracopacabana.com.br\/noticias\/wp-json\/wp\/v2\/categories?post=1603"},{"taxonomy":"post_tag","embeddable":true,"href":"https:\/\/www.encontracopacabana.com.br\/noticias\/wp-json\/wp\/v2\/tags?post=1603"}],"curies":[{"name":"wp","href":"https:\/\/api.w.org\/{rel}","templated":true}]}}